{"number_pubs_saved":2,"pub":{"id":17126,"base_path":"https:\/\/bcv.indexrerum.com\/content?","ir_context":"https:\/\/bcv.indexrerum.com","original_id":"126505","uuid":"f21b5363-5d79-4332-b2bb-379b2bdd8fe0","isbn":"","issn":null,"serial_enumeration":null,"index_therms":null,"pub_date":"_-_-_","pub_year":null,"inventory_date":"2021-04-13","logo":"https:\/\/bcv.indexrerum.com\/site\/bcv.png","created_on":"2021-04-13 01:00:00","updated_on":"2022-01-09 14:19:43","entry_point":"Portaria n\u00ba 90\/82.","registration_num":null,"quota":null,"summary":"Adita ao mapa I anexo \u00e0 portaria n\u00ba 29\/80, de 3 de Maio, o quadro do pessoal dos servi\u00e7os de produ\u00e7\u00e3o e distribui\u00e7\u00e3o de energia el\u00e9ctrica.","image_size":"0","image":null,"attributes":"<?xml version=\"1.0\" encoding=\"utf-8\"?><pub_attributes><attributes language=\"pt\"><attribute id=\"3\"><name>Data do invent\u00e1rio<\/name><value>2021-04-13<\/value><\/attribute><attribute id=\"45\"><name>Tipo de registo<\/name><value>a<\/value><\/attribute><attribute id=\"47\"><name>Identificador do registo<\/name><value>7403<\/value><\/attribute><attribute id=\"56\"><name>Identificador de vers\u00e3o<\/name><value>20220109131943.342<\/value><\/attribute><attribute id=\"17\"><name>Data de registo<\/name><value>_-_-_<\/value><\/attribute><attribute id=\"18\"><name>Tipo de data de publica\u00e7\u00e3o<\/name><value> <\/value><\/attribute><attribute id=\"57\"><name>Modificado<\/name><value> <\/value><\/attribute><attribute id=\"21\"><name>L\u00edngua de cataloga\u00e7\u00e3o<\/name><value>por<\/value><\/attribute><attribute id=\"22\"><name>Conjunto de caracteres<\/name><value>01<\/value><\/attribute><attribute id=\"31\"><name>T\u00edtulo pr\u00f3prio significativo<\/name><value>1<\/value><\/attribute><attribute id=\"30\"><name>T\u00edtulo pr\u00f3prio<\/name><value>Portaria n\u00ba 90\/82.<\/value><\/attribute><attribute id=\"33\"><name>Autor<\/name><value>Minist\u00e9rio do Interior.<\/value><\/attribute><attribute id=\"87\"><name>Numera\u00e7\u00e3o: indica\u00e7\u00e3o de datas e volumes<\/name><value>49, 4 de Dezembro de 1982. I.<\/value><\/attribute><attribute id=\"280\"><name>Data de publica\u00e7\u00e3o \/distribui\u00e7\u00e3o<\/name><value>1982.<\/value><\/attribute><attribute id=\"253\"><name>Nota de conte\u00fado<\/name><value>Adita ao mapa I anexo \u00e0 portaria n\u00ba 29\/80, de 3 de Maio, o quadro do pessoal dos servi\u00e7os de produ\u00e7\u00e3o e distribui\u00e7\u00e3o de energia el\u00e9ctrica.<\/value><\/attribute><attribute id=\"268\"><name>Indicador do n\u00edvel do termo de indexa\u00e7\u00e3o<\/name><value> <\/value><\/attribute><attribute id=\"51\"><name>Pa\u00eds<\/name><value>CV<\/value><\/attribute><attribute id=\"52\"><name>Ag\u00eancia<\/name><value>BCV<\/value><\/attribute><\/attributes><attributes language=\"en\"><attribute id=\"3\"><name>Data do invent\u00e1rio<\/name><value>2021-04-13<\/value><\/attribute><attribute id=\"45\"><name>Tipo de registo<\/name><value>a<\/value><\/attribute><attribute id=\"47\"><name>Identificador do registo<\/name><value>7403<\/value><\/attribute><attribute id=\"56\"><name>Identificador de vers\u00e3o<\/name><value>20220109131943.342<\/value><\/attribute><attribute id=\"17\"><name>Data de registo<\/name><value>_-_-_<\/value><\/attribute><attribute id=\"18\"><name>Tipo de data de publica\u00e7\u00e3o<\/name><value> <\/value><\/attribute><attribute id=\"57\"><name>Modificado<\/name><value> <\/value><\/attribute><attribute id=\"21\"><name>L\u00edngua de cataloga\u00e7\u00e3o<\/name><value>por<\/value><\/attribute><attribute id=\"22\"><name>Conjunto de caracteres<\/name><value>01<\/value><\/attribute><attribute id=\"31\"><name>T\u00edtulo pr\u00f3prio significativo<\/name><value>1<\/value><\/attribute><attribute id=\"30\"><name>T\u00edtulo pr\u00f3prio<\/name><value>Portaria n\u00ba 90\/82.<\/value><\/attribute><attribute id=\"33\"><name>Autor<\/name><value>Minist\u00e9rio do Interior.<\/value><\/attribute><attribute id=\"87\"><name>Numera\u00e7\u00e3o: indica\u00e7\u00e3o de datas e volumes<\/name><value>49, 4 de Dezembro de 1982. I.<\/value><\/attribute><attribute id=\"280\"><name>Data de publica\u00e7\u00e3o \/distribui\u00e7\u00e3o<\/name><value>1982.<\/value><\/attribute><attribute id=\"253\"><name>Nota de conte\u00fado<\/name><value>Adita ao mapa I anexo \u00e0 portaria n\u00ba 29\/80, de 3 de Maio, o quadro do pessoal dos servi\u00e7os de produ\u00e7\u00e3o e distribui\u00e7\u00e3o de energia el\u00e9ctrica.<\/value><\/attribute><attribute id=\"268\"><name>Indicador do n\u00edvel do termo de indexa\u00e7\u00e3o<\/name><value> <\/value><\/attribute><attribute id=\"51\"><name>Pa\u00eds<\/name><value>CV<\/value><\/attribute><attribute id=\"52\"><name>Ag\u00eancia<\/name><value>BCV<\/value><\/attribute><\/attributes><\/pub_attributes>","type":"Legisla\u00e7\u00e3o","doc_type":"Material textual","isbd":"Portaria n\u00ba 90\/82. \/ Minist\u00e9rio do Interior.. , 1982.. -  - Adita ao mapa I anexo \u00e0 portaria n\u00ba 29\/80, de 3 de Maio, o quadro do pessoal dos servi\u00e7os de produ\u00e7\u00e3o e distribui\u00e7\u00e3o de energia el\u00e9ctrica. ","number_requisitions":"0","created_at":"2021-11-09T13:13:16.000000Z","updated_at":"2022-01-31T16:56:37.000000Z"}}