{"number_pubs_saved":1,"pub":{"id":19694,"base_path":"https:\/\/bcv.indexrerum.com\/content?","ir_context":"https:\/\/bcv.indexrerum.com","original_id":"129073","uuid":"3f0d1a1b-a4dc-4fa8-a595-8766a1795d35","isbn":"","issn":null,"serial_enumeration":null,"index_therms":null,"pub_date":"_-_-_","pub_year":null,"inventory_date":"2021-04-13","logo":"https:\/\/bcv.indexrerum.com\/site\/bcv.png","created_on":"2021-04-13 01:00:00","updated_on":"2021-12-29 16:05:56","entry_point":"Resolu\u00e7\u00e3o n\u00ba 15\/2009.","registration_num":null,"quota":null,"summary":"Nomeando Alberto Silva Ramos, t\u00e9cnico superior do quadro de pessoal da Direc\u00e7\u00e3o-Geral da Administra\u00e7\u00e3o Local graduado em planifica\u00e7\u00e3o econ\u00f3mica, para, em comiss\u00e3o ordin\u00e1ria de servi\u00e7o, exercer o cargo de Director-Geral de Planeamento, Or\u00e7amento e Gest\u00e3o do Minist\u00e9rio da Cultura.","image_size":"0","image":null,"attributes":"<?xml version=\"1.0\" encoding=\"utf-8\"?><pub_attributes><attributes language=\"pt\"><attribute id=\"3\"><name>Data do invent\u00e1rio<\/name><value>2021-04-13<\/value><\/attribute><attribute id=\"45\"><name>Tipo de registo<\/name><value>a<\/value><\/attribute><attribute id=\"47\"><name>Identificador do registo<\/name><value>9983<\/value><\/attribute><attribute id=\"56\"><name>Identificador de vers\u00e3o<\/name><value>20211229150556.983<\/value><\/attribute><attribute id=\"17\"><name>Data de registo<\/name><value>_-_-_<\/value><\/attribute><attribute id=\"18\"><name>Tipo de data de publica\u00e7\u00e3o<\/name><value> <\/value><\/attribute><attribute id=\"57\"><name>Modificado<\/name><value> <\/value><\/attribute><attribute id=\"21\"><name>L\u00edngua de cataloga\u00e7\u00e3o<\/name><value>por<\/value><\/attribute><attribute id=\"22\"><name>Conjunto de caracteres<\/name><value>01<\/value><\/attribute><attribute id=\"31\"><name>T\u00edtulo pr\u00f3prio significativo<\/name><value>1<\/value><\/attribute><attribute id=\"30\"><name>T\u00edtulo pr\u00f3prio<\/name><value>Resolu\u00e7\u00e3o n\u00ba 15\/2009.<\/value><\/attribute><attribute id=\"33\"><name>Autor<\/name><value>CONSELHO DE MINISTROS.<\/value><\/attribute><attribute id=\"87\"><name>Numera\u00e7\u00e3o: indica\u00e7\u00e3o de datas e volumes<\/name><value>16, 6 de Maio de 2009. II S\u00e9rie.<\/value><\/attribute><attribute id=\"280\"><name>Data de publica\u00e7\u00e3o \/distribui\u00e7\u00e3o<\/name><value>2009.<\/value><\/attribute><attribute id=\"253\"><name>Nota de conte\u00fado<\/name><value>Nomeando Alberto Silva Ramos, t\u00e9cnico superior do quadro de pessoal da Direc\u00e7\u00e3o-Geral da Administra\u00e7\u00e3o Local graduado em planifica\u00e7\u00e3o econ\u00f3mica, para, em comiss\u00e3o ordin\u00e1ria de servi\u00e7o, exercer o cargo de Director-Geral de Planeamento, Or\u00e7amento e Gest\u00e3o do Minist\u00e9rio da Cultura.<\/value><\/attribute><attribute id=\"268\"><name>Indicador do n\u00edvel do termo de indexa\u00e7\u00e3o<\/name><value> <\/value><\/attribute><attribute id=\"51\"><name>Pa\u00eds<\/name><value>CV<\/value><\/attribute><attribute id=\"52\"><name>Ag\u00eancia<\/name><value>BCV<\/value><\/attribute><\/attributes><attributes language=\"en\"><attribute id=\"3\"><name>Data do invent\u00e1rio<\/name><value>2021-04-13<\/value><\/attribute><attribute id=\"45\"><name>Tipo de registo<\/name><value>a<\/value><\/attribute><attribute id=\"47\"><name>Identificador do registo<\/name><value>9983<\/value><\/attribute><attribute id=\"56\"><name>Identificador de vers\u00e3o<\/name><value>20211229150556.983<\/value><\/attribute><attribute id=\"17\"><name>Data de registo<\/name><value>_-_-_<\/value><\/attribute><attribute id=\"18\"><name>Tipo de data de publica\u00e7\u00e3o<\/name><value> <\/value><\/attribute><attribute id=\"57\"><name>Modificado<\/name><value> <\/value><\/attribute><attribute id=\"21\"><name>L\u00edngua de cataloga\u00e7\u00e3o<\/name><value>por<\/value><\/attribute><attribute id=\"22\"><name>Conjunto de caracteres<\/name><value>01<\/value><\/attribute><attribute id=\"31\"><name>T\u00edtulo pr\u00f3prio significativo<\/name><value>1<\/value><\/attribute><attribute id=\"30\"><name>T\u00edtulo pr\u00f3prio<\/name><value>Resolu\u00e7\u00e3o n\u00ba 15\/2009.<\/value><\/attribute><attribute id=\"33\"><name>Autor<\/name><value>CONSELHO DE MINISTROS.<\/value><\/attribute><attribute id=\"87\"><name>Numera\u00e7\u00e3o: indica\u00e7\u00e3o de datas e volumes<\/name><value>16, 6 de Maio de 2009. II S\u00e9rie.<\/value><\/attribute><attribute id=\"280\"><name>Data de publica\u00e7\u00e3o \/distribui\u00e7\u00e3o<\/name><value>2009.<\/value><\/attribute><attribute id=\"253\"><name>Nota de conte\u00fado<\/name><value>Nomeando Alberto Silva Ramos, t\u00e9cnico superior do quadro de pessoal da Direc\u00e7\u00e3o-Geral da Administra\u00e7\u00e3o Local graduado em planifica\u00e7\u00e3o econ\u00f3mica, para, em comiss\u00e3o ordin\u00e1ria de servi\u00e7o, exercer o cargo de Director-Geral de Planeamento, Or\u00e7amento e Gest\u00e3o do Minist\u00e9rio da Cultura.<\/value><\/attribute><attribute id=\"268\"><name>Indicador do n\u00edvel do termo de indexa\u00e7\u00e3o<\/name><value> <\/value><\/attribute><attribute id=\"51\"><name>Pa\u00eds<\/name><value>CV<\/value><\/attribute><attribute id=\"52\"><name>Ag\u00eancia<\/name><value>BCV<\/value><\/attribute><\/attributes><\/pub_attributes>","type":"Legisla\u00e7\u00e3o","doc_type":"Material textual","isbd":"Resolu\u00e7\u00e3o n\u00ba 15\/2009. \/ CONSELHO DE MINISTROS.. , 2009.. -  - Nomeando Alberto Silva Ramos, t\u00e9cnico superior do quadro de pessoal da Direc\u00e7\u00e3o-Geral da Administra\u00e7\u00e3o Local graduado em planifica\u00e7\u00e3o econ\u00f3mica, para, em comiss\u00e3o ordin\u00e1ria de servi\u00e7o, exercer o cargo de Director-Geral de Planeamento, Or\u00e7amento e Gest\u00e3o do Minist\u00e9rio da Cultura. ","number_requisitions":"0","created_at":"2021-11-09T13:15:43.000000Z","updated_at":"2022-01-31T16:58:42.000000Z"}}