{"number_pubs_saved":1,"pub":{"id":20714,"base_path":"https:\/\/bcv.indexrerum.com\/content?","ir_context":"https:\/\/bcv.indexrerum.com","original_id":"130093","uuid":"7cd273cb-d9a7-4fb1-9257-3e5d6e584c2e","isbn":"","issn":null,"serial_enumeration":null,"index_therms":null,"pub_date":"_-_-_","pub_year":null,"inventory_date":"2021-04-13","logo":"https:\/\/bcv.indexrerum.com\/site\/bcv.png","created_on":"2021-04-13 01:00:00","updated_on":"2021-04-13 01:00:00","entry_point":"Edital n\u00ba 4\/PR\/CNE\/2011.","registration_num":null,"quota":null,"summary":"Faz p\u00fablico que, no termo do apuramento geral dos resultados da elei\u00e7\u00e3o do Presidente da Rep\u00fablica, realizada no dia 21 de Agosto de 2011, deliberou proclamar eleito Presidente da Rep\u00fablica de Cabo Verde o candidato Jorge Carlos de Almeida Fonseca.","image_size":"0","image":null,"attributes":"<?xml version=\"1.0\" encoding=\"utf-8\"?><pub_attributes><attributes language=\"pt\"><attribute id=\"3\"><name>Data do invent\u00e1rio<\/name><value>2021-04-13<\/value><\/attribute><attribute id=\"45\"><name>Tipo de registo<\/name><value>a<\/value><\/attribute><attribute id=\"47\"><name>Identificador do registo<\/name><value>11009<\/value><\/attribute><attribute id=\"56\"><name>Identificador de vers\u00e3o<\/name><value>20210413092005.829<\/value><\/attribute><attribute id=\"17\"><name>Data de registo<\/name><value>_-_-_<\/value><\/attribute><attribute id=\"18\"><name>Tipo de data de publica\u00e7\u00e3o<\/name><value> <\/value><\/attribute><attribute id=\"57\"><name>Modificado<\/name><value> <\/value><\/attribute><attribute id=\"21\"><name>L\u00edngua de cataloga\u00e7\u00e3o<\/name><value>por<\/value><\/attribute><attribute id=\"22\"><name>Conjunto de caracteres<\/name><value>01<\/value><\/attribute><attribute id=\"31\"><name>T\u00edtulo pr\u00f3prio significativo<\/name><value>1<\/value><\/attribute><attribute id=\"30\"><name>T\u00edtulo pr\u00f3prio<\/name><value>Edital n\u00ba 4\/PR\/CNE\/2011.<\/value><\/attribute><attribute id=\"33\"><name>Autor<\/name><value>Comiss\u00e3o Nacional de Elei\u00e7\u00f5es.<\/value><\/attribute><attribute id=\"87\"><name>Numera\u00e7\u00e3o: indica\u00e7\u00e3o de datas e volumes<\/name><value>29 de 4 de Setembro de 2011. I S\u00e9rie - Suplemento.<\/value><\/attribute><attribute id=\"280\"><name>Data de publica\u00e7\u00e3o \/distribui\u00e7\u00e3o<\/name><value>2011.<\/value><\/attribute><attribute id=\"253\"><name>Nota de conte\u00fado<\/name><value>Faz p\u00fablico que, no termo do apuramento geral dos resultados da elei\u00e7\u00e3o do Presidente da Rep\u00fablica, realizada no dia 21 de Agosto de 2011, deliberou proclamar eleito Presidente da Rep\u00fablica de Cabo Verde o candidato Jorge Carlos de Almeida Fonseca.<\/value><\/attribute><attribute id=\"268\"><name>Indicador do n\u00edvel do termo de indexa\u00e7\u00e3o<\/name><value> <\/value><\/attribute><attribute id=\"51\"><name>Pa\u00eds<\/name><value>CV<\/value><\/attribute><attribute id=\"52\"><name>Ag\u00eancia<\/name><value>BCV<\/value><\/attribute><\/attributes><attributes language=\"en\"><attribute id=\"3\"><name>Data do invent\u00e1rio<\/name><value>2021-04-13<\/value><\/attribute><attribute id=\"45\"><name>Tipo de registo<\/name><value>a<\/value><\/attribute><attribute id=\"47\"><name>Identificador do registo<\/name><value>11009<\/value><\/attribute><attribute id=\"56\"><name>Identificador de vers\u00e3o<\/name><value>20210413092005.829<\/value><\/attribute><attribute id=\"17\"><name>Data de registo<\/name><value>_-_-_<\/value><\/attribute><attribute id=\"18\"><name>Tipo de data de publica\u00e7\u00e3o<\/name><value> <\/value><\/attribute><attribute id=\"57\"><name>Modificado<\/name><value> <\/value><\/attribute><attribute id=\"21\"><name>L\u00edngua de cataloga\u00e7\u00e3o<\/name><value>por<\/value><\/attribute><attribute id=\"22\"><name>Conjunto de caracteres<\/name><value>01<\/value><\/attribute><attribute id=\"31\"><name>T\u00edtulo pr\u00f3prio significativo<\/name><value>1<\/value><\/attribute><attribute id=\"30\"><name>T\u00edtulo pr\u00f3prio<\/name><value>Edital n\u00ba 4\/PR\/CNE\/2011.<\/value><\/attribute><attribute id=\"33\"><name>Autor<\/name><value>Comiss\u00e3o Nacional de Elei\u00e7\u00f5es.<\/value><\/attribute><attribute id=\"87\"><name>Numera\u00e7\u00e3o: indica\u00e7\u00e3o de datas e volumes<\/name><value>29 de 4 de Setembro de 2011. I S\u00e9rie - Suplemento.<\/value><\/attribute><attribute id=\"280\"><name>Data de publica\u00e7\u00e3o \/distribui\u00e7\u00e3o<\/name><value>2011.<\/value><\/attribute><attribute id=\"253\"><name>Nota de conte\u00fado<\/name><value>Faz p\u00fablico que, no termo do apuramento geral dos resultados da elei\u00e7\u00e3o do Presidente da Rep\u00fablica, realizada no dia 21 de Agosto de 2011, deliberou proclamar eleito Presidente da Rep\u00fablica de Cabo Verde o candidato Jorge Carlos de Almeida Fonseca.<\/value><\/attribute><attribute id=\"268\"><name>Indicador do n\u00edvel do termo de indexa\u00e7\u00e3o<\/name><value> <\/value><\/attribute><attribute id=\"51\"><name>Pa\u00eds<\/name><value>CV<\/value><\/attribute><attribute id=\"52\"><name>Ag\u00eancia<\/name><value>BCV<\/value><\/attribute><\/attributes><\/pub_attributes>","type":"Legisla\u00e7\u00e3o","doc_type":"Material textual","isbd":"Edital n\u00ba 4\/PR\/CNE\/2011. \/ Comiss\u00e3o Nacional de Elei\u00e7\u00f5es.. , 2011.. -  - Faz p\u00fablico que, no termo do apuramento geral dos resultados da elei\u00e7\u00e3o do Presidente da Rep\u00fablica, realizada no dia 21 de Agosto de 2011, deliberou proclamar eleito Presidente da Rep\u00fablica de Cabo Verde o candidato Jorge Carlos de Almeida Fonseca. ","number_requisitions":"0","created_at":"2021-11-09T13:16:42.000000Z","updated_at":"2021-11-09T13:16:42.000000Z"}}