{"number_pubs_saved":2,"pub":{"id":20968,"base_path":"https:\/\/bcv.indexrerum.com\/content?","ir_context":"https:\/\/bcv.indexrerum.com","original_id":"130347","uuid":"c2190086-a825-4ac6-99a7-e09570664506","isbn":"","issn":null,"serial_enumeration":null,"index_therms":null,"pub_date":"_-_-_","pub_year":null,"inventory_date":"2021-04-13","logo":"https:\/\/bcv.indexrerum.com\/site\/bcv.png","created_on":"2021-04-13 01:00:00","updated_on":"2021-04-13 01:00:00","entry_point":"Republica\u00e7\u00e3o.","registration_num":null,"quota":null,"summary":"Da Resolu\u00e7\u00e3o n\u00ba 28\/2012, de 6 de Junho, publicado no Boletim Oficial n\u00ba 31, de 6 de Junho.","image_size":"0","image":null,"attributes":"<?xml version=\"1.0\" encoding=\"utf-8\"?><pub_attributes><attributes language=\"pt\"><attribute id=\"3\"><name>Data do invent\u00e1rio<\/name><value>2021-04-13<\/value><\/attribute><attribute id=\"45\"><name>Tipo de registo<\/name><value>a<\/value><\/attribute><attribute id=\"47\"><name>Identificador do registo<\/name><value>11267<\/value><\/attribute><attribute id=\"56\"><name>Identificador de vers\u00e3o<\/name><value>20210413092007.173<\/value><\/attribute><attribute id=\"17\"><name>Data de registo<\/name><value>_-_-_<\/value><\/attribute><attribute id=\"18\"><name>Tipo de data de publica\u00e7\u00e3o<\/name><value> <\/value><\/attribute><attribute id=\"57\"><name>Modificado<\/name><value> <\/value><\/attribute><attribute id=\"21\"><name>L\u00edngua de cataloga\u00e7\u00e3o<\/name><value>por<\/value><\/attribute><attribute id=\"22\"><name>Conjunto de caracteres<\/name><value>01<\/value><\/attribute><attribute id=\"31\"><name>T\u00edtulo pr\u00f3prio significativo<\/name><value>1<\/value><\/attribute><attribute id=\"30\"><name>T\u00edtulo pr\u00f3prio<\/name><value>Republica\u00e7\u00e3o.<\/value><\/attribute><attribute id=\"33\"><name>Autor<\/name><value>Chefia do Governo.<\/value><\/attribute><attribute id=\"87\"><name>Numera\u00e7\u00e3o: indica\u00e7\u00e3o de datas e volumes<\/name><value>33 de 12 de Junho de 2012. I S\u00e9rie.<\/value><\/attribute><attribute id=\"280\"><name>Data de publica\u00e7\u00e3o \/distribui\u00e7\u00e3o<\/name><value>2012.<\/value><\/attribute><attribute id=\"253\"><name>Nota de conte\u00fado<\/name><value>Da Resolu\u00e7\u00e3o n\u00ba 28\/2012, de 6 de Junho, publicado no Boletim Oficial n\u00ba 31, de 6 de Junho.<\/value><\/attribute><attribute id=\"268\"><name>Indicador do n\u00edvel do termo de indexa\u00e7\u00e3o<\/name><value> <\/value><\/attribute><attribute id=\"51\"><name>Pa\u00eds<\/name><value>CV<\/value><\/attribute><attribute id=\"52\"><name>Ag\u00eancia<\/name><value>BCV<\/value><\/attribute><\/attributes><attributes language=\"en\"><attribute id=\"3\"><name>Data do invent\u00e1rio<\/name><value>2021-04-13<\/value><\/attribute><attribute id=\"45\"><name>Tipo de registo<\/name><value>a<\/value><\/attribute><attribute id=\"47\"><name>Identificador do registo<\/name><value>11267<\/value><\/attribute><attribute id=\"56\"><name>Identificador de vers\u00e3o<\/name><value>20210413092007.173<\/value><\/attribute><attribute id=\"17\"><name>Data de registo<\/name><value>_-_-_<\/value><\/attribute><attribute id=\"18\"><name>Tipo de data de publica\u00e7\u00e3o<\/name><value> <\/value><\/attribute><attribute id=\"57\"><name>Modificado<\/name><value> <\/value><\/attribute><attribute id=\"21\"><name>L\u00edngua de cataloga\u00e7\u00e3o<\/name><value>por<\/value><\/attribute><attribute id=\"22\"><name>Conjunto de caracteres<\/name><value>01<\/value><\/attribute><attribute id=\"31\"><name>T\u00edtulo pr\u00f3prio significativo<\/name><value>1<\/value><\/attribute><attribute id=\"30\"><name>T\u00edtulo pr\u00f3prio<\/name><value>Republica\u00e7\u00e3o.<\/value><\/attribute><attribute id=\"33\"><name>Autor<\/name><value>Chefia do Governo.<\/value><\/attribute><attribute id=\"87\"><name>Numera\u00e7\u00e3o: indica\u00e7\u00e3o de datas e volumes<\/name><value>33 de 12 de Junho de 2012. I S\u00e9rie.<\/value><\/attribute><attribute id=\"280\"><name>Data de publica\u00e7\u00e3o \/distribui\u00e7\u00e3o<\/name><value>2012.<\/value><\/attribute><attribute id=\"253\"><name>Nota de conte\u00fado<\/name><value>Da Resolu\u00e7\u00e3o n\u00ba 28\/2012, de 6 de Junho, publicado no Boletim Oficial n\u00ba 31, de 6 de Junho.<\/value><\/attribute><attribute id=\"268\"><name>Indicador do n\u00edvel do termo de indexa\u00e7\u00e3o<\/name><value> <\/value><\/attribute><attribute id=\"51\"><name>Pa\u00eds<\/name><value>CV<\/value><\/attribute><attribute id=\"52\"><name>Ag\u00eancia<\/name><value>BCV<\/value><\/attribute><\/attributes><\/pub_attributes>","type":"Legisla\u00e7\u00e3o","doc_type":"Material textual","isbd":"Republica\u00e7\u00e3o. \/ Chefia do Governo.. , 2012.. -  - Da Resolu\u00e7\u00e3o n\u00ba 28\/2012, de 6 de Junho, publicado no Boletim Oficial n\u00ba 31, de 6 de Junho. ","number_requisitions":"0","created_at":"2021-11-09T13:16:56.000000Z","updated_at":"2021-11-09T13:16:56.000000Z"}}