{"number_pubs_saved":2,"pub":{"id":22798,"base_path":"https:\/\/bcv.indexrerum.com\/content?","ir_context":"https:\/\/bcv.indexrerum.com","original_id":"132177","uuid":"bd44e44c-5dab-41a0-a623-6c0eb8610daf","isbn":"","issn":null,"serial_enumeration":null,"index_therms":null,"pub_date":"_-_-_","pub_year":null,"inventory_date":"2021-04-13","logo":"https:\/\/bcv.indexrerum.com\/site\/bcv.png","created_on":"2021-04-13 01:00:00","updated_on":"2021-04-13 01:00:00","entry_point":"Resolu\u00e7\u00e3o n.\u00b0 2\/2016","registration_num":null,"quota":null,"summary":"Autoriza o Minist\u00e9rio das Finan\u00e7as e do Planeamento a vender ao cidad\u00e3o Joaquim Pedro Silva, Comandante das For\u00e7as Armadas, e ex-Vice-Presidente da Assembleia Nacional Popular, e esposa, Raquel Duarte Silva, o pr\u00e9dio urbano sito em Monteagarro, Plateau, Praia, inscrito na Matriz Predial sob o n\u00ba 15767 e descrito na Conservat\u00f3ria do Registo Predial da Praia sob o n\u00ba 21553.","image_size":"0","image":null,"attributes":"<?xml version=\"1.0\" encoding=\"utf-8\"?><pub_attributes><attributes language=\"pt\"><attribute id=\"3\"><name>Data do invent\u00e1rio<\/name><value>2021-04-13<\/value><\/attribute><attribute id=\"45\"><name>Tipo de registo<\/name><value>a<\/value><\/attribute><attribute id=\"47\"><name>Identificador do registo<\/name><value>13131<\/value><\/attribute><attribute id=\"56\"><name>Identificador de vers\u00e3o<\/name><value>20210413092016.521<\/value><\/attribute><attribute id=\"17\"><name>Data de registo<\/name><value>_-_-_<\/value><\/attribute><attribute id=\"18\"><name>Tipo de data de publica\u00e7\u00e3o<\/name><value> <\/value><\/attribute><attribute id=\"57\"><name>Modificado<\/name><value> <\/value><\/attribute><attribute id=\"21\"><name>L\u00edngua de cataloga\u00e7\u00e3o<\/name><value>por<\/value><\/attribute><attribute id=\"22\"><name>Conjunto de caracteres<\/name><value>01<\/value><\/attribute><attribute id=\"60\"><name>L\u00edngua do texto<\/name><value>Portugu\u00eas<\/value><\/attribute><attribute id=\"31\"><name>T\u00edtulo pr\u00f3prio significativo<\/name><value>1<\/value><\/attribute><attribute id=\"30\"><name>T\u00edtulo pr\u00f3prio<\/name><value>Resolu\u00e7\u00e3o n.\u00b0 2\/2016<\/value><\/attribute><attribute id=\"33\"><name>Autor<\/name><value>CONSELHO DE MINISTROS<\/value><\/attribute><attribute id=\"87\"><name>Numera\u00e7\u00e3o: indica\u00e7\u00e3o de datas e volumes<\/name><value>5 I<\/value><\/attribute><attribute id=\"280\"><name>Data de publica\u00e7\u00e3o \/distribui\u00e7\u00e3o<\/name><value>28 de Janeiro de 2016<\/value><\/attribute><attribute id=\"253\"><name>Nota de conte\u00fado<\/name><value>Autoriza o Minist\u00e9rio das Finan\u00e7as e do Planeamento a vender ao cidad\u00e3o Joaquim Pedro Silva, Comandante das For\u00e7as Armadas, e ex-Vice-Presidente da Assembleia Nacional Popular, e esposa, Raquel Duarte Silva, o pr\u00e9dio urbano sito em Monteagarro, Plateau, Praia, inscrito na Matriz Predial sob o n\u00ba 15767 e descrito na Conservat\u00f3ria do Registo Predial da Praia sob o n\u00ba 21553.<\/value><\/attribute><attribute id=\"268\"><name>Indicador do n\u00edvel do termo de indexa\u00e7\u00e3o<\/name><value> <\/value><\/attribute><attribute id=\"51\"><name>Pa\u00eds<\/name><value>CV<\/value><\/attribute><attribute id=\"52\"><name>Ag\u00eancia<\/name><value>BCV<\/value><\/attribute><\/attributes><attributes language=\"en\"><attribute id=\"3\"><name>Data do invent\u00e1rio<\/name><value>2021-04-13<\/value><\/attribute><attribute id=\"45\"><name>Tipo de registo<\/name><value>a<\/value><\/attribute><attribute id=\"47\"><name>Identificador do registo<\/name><value>13131<\/value><\/attribute><attribute id=\"56\"><name>Identificador de vers\u00e3o<\/name><value>20210413092016.521<\/value><\/attribute><attribute id=\"17\"><name>Data de registo<\/name><value>_-_-_<\/value><\/attribute><attribute id=\"18\"><name>Tipo de data de publica\u00e7\u00e3o<\/name><value> <\/value><\/attribute><attribute id=\"57\"><name>Modificado<\/name><value> <\/value><\/attribute><attribute id=\"21\"><name>L\u00edngua de cataloga\u00e7\u00e3o<\/name><value>por<\/value><\/attribute><attribute id=\"22\"><name>Conjunto de caracteres<\/name><value>01<\/value><\/attribute><attribute id=\"60\"><name>L\u00edngua do texto<\/name><value>Portugu\u00eas<\/value><\/attribute><attribute id=\"31\"><name>T\u00edtulo pr\u00f3prio significativo<\/name><value>1<\/value><\/attribute><attribute id=\"30\"><name>T\u00edtulo pr\u00f3prio<\/name><value>Resolu\u00e7\u00e3o n.\u00b0 2\/2016<\/value><\/attribute><attribute id=\"33\"><name>Autor<\/name><value>CONSELHO DE MINISTROS<\/value><\/attribute><attribute id=\"87\"><name>Numera\u00e7\u00e3o: indica\u00e7\u00e3o de datas e volumes<\/name><value>5 I<\/value><\/attribute><attribute id=\"280\"><name>Data de publica\u00e7\u00e3o \/distribui\u00e7\u00e3o<\/name><value>28 de Janeiro de 2016<\/value><\/attribute><attribute id=\"253\"><name>Nota de conte\u00fado<\/name><value>Autoriza o Minist\u00e9rio das Finan\u00e7as e do Planeamento a vender ao cidad\u00e3o Joaquim Pedro Silva, Comandante das For\u00e7as Armadas, e ex-Vice-Presidente da Assembleia Nacional Popular, e esposa, Raquel Duarte Silva, o pr\u00e9dio urbano sito em Monteagarro, Plateau, Praia, inscrito na Matriz Predial sob o n\u00ba 15767 e descrito na Conservat\u00f3ria do Registo Predial da Praia sob o n\u00ba 21553.<\/value><\/attribute><attribute id=\"268\"><name>Indicador do n\u00edvel do termo de indexa\u00e7\u00e3o<\/name><value> <\/value><\/attribute><attribute id=\"51\"><name>Pa\u00eds<\/name><value>CV<\/value><\/attribute><attribute id=\"52\"><name>Ag\u00eancia<\/name><value>BCV<\/value><\/attribute><\/attributes><\/pub_attributes>","type":"Legisla\u00e7\u00e3o","doc_type":"Material textual","isbd":"Resolu\u00e7\u00e3o n.\u00b0 2\/2016 \/ CONSELHO DE MINISTROS. , 28 de Janeiro de 2016. -  - Autoriza o Minist\u00e9rio das Finan\u00e7as e do Planeamento a vender ao cidad\u00e3o Joaquim Pedro Silva, Comandante das For\u00e7as Armadas, e ex-Vice-Presidente da Assembleia Nacional Popular, e esposa, Raquel Duarte Silva, o pr\u00e9dio urbano sito em Monteagarro, Plateau, Praia, inscrito na Matriz Predial sob o n\u00ba 15767 e descrito na Conservat\u00f3ria do Registo Predial da Praia sob o n\u00ba 21553. ","number_requisitions":"0","created_at":"2021-11-09T13:22:42.000000Z","updated_at":"2021-11-09T13:22:42.000000Z"}}