{"number_pubs_saved":1,"pub":{"id":23268,"base_path":"https:\/\/bcv.indexrerum.com\/content?","ir_context":"https:\/\/bcv.indexrerum.com","original_id":"132647","uuid":"83e71e87-6a4a-4e2e-9336-f25b30ff5767","isbn":"","issn":null,"serial_enumeration":null,"index_therms":null,"pub_date":"_-_-_","pub_year":null,"inventory_date":"2021-04-13","logo":"https:\/\/bcv.indexrerum.com\/site\/bcv.png","created_on":"2021-04-13 01:00:00","updated_on":"2021-04-13 01:00:00","entry_point":"Decreto-lei n.\u00ba 23\/2017","registration_num":null,"quota":null,"summary":"Procede \u00e0 primeira altera\u00e7\u00e3o ao Decreto-lei n\u00ba 15\/2016, de 5 de mar\u00e7o, que estabelece o regime jur\u00eddico da atribui\u00e7\u00e3o do subs\u00eddio de desemprego, no \u00e2mbito do regime de prote\u00e7\u00e3o social dos trabalhadores por conta de outrem, bem como as medidas ativas de repara\u00e7\u00e3o da situa\u00e7\u00e3o de desemprego.","image_size":"0","image":null,"attributes":"<?xml version=\"1.0\" encoding=\"utf-8\"?><pub_attributes><attributes language=\"pt\"><attribute id=\"3\"><name>Data do invent\u00e1rio<\/name><value>2021-04-13<\/value><\/attribute><attribute id=\"45\"><name>Tipo de registo<\/name><value>a<\/value><\/attribute><attribute id=\"47\"><name>Identificador do registo<\/name><value>13606<\/value><\/attribute><attribute id=\"56\"><name>Identificador de vers\u00e3o<\/name><value>20210413092018.994<\/value><\/attribute><attribute id=\"17\"><name>Data de registo<\/name><value>_-_-_<\/value><\/attribute><attribute id=\"18\"><name>Tipo de data de publica\u00e7\u00e3o<\/name><value> <\/value><\/attribute><attribute id=\"57\"><name>Modificado<\/name><value> <\/value><\/attribute><attribute id=\"21\"><name>L\u00edngua de cataloga\u00e7\u00e3o<\/name><value>por<\/value><\/attribute><attribute id=\"22\"><name>Conjunto de caracteres<\/name><value>01<\/value><\/attribute><attribute id=\"60\"><name>L\u00edngua do texto<\/name><value>Portugu\u00eas<\/value><\/attribute><attribute id=\"31\"><name>T\u00edtulo pr\u00f3prio significativo<\/name><value>1<\/value><\/attribute><attribute id=\"30\"><name>T\u00edtulo pr\u00f3prio<\/name><value>Decreto-lei n.\u00ba 23\/2017<\/value><\/attribute><attribute id=\"33\"><name>Autor<\/name><value>CONSELHO DE MINISTROS<\/value><\/attribute><attribute id=\"87\"><name>Numera\u00e7\u00e3o: indica\u00e7\u00e3o de datas e volumes<\/name><value>30 I<\/value><\/attribute><attribute id=\"280\"><name>Data de publica\u00e7\u00e3o \/distribui\u00e7\u00e3o<\/name><value>29 de Maio de 2017<\/value><\/attribute><attribute id=\"253\"><name>Nota de conte\u00fado<\/name><value>Procede \u00e0 primeira altera\u00e7\u00e3o ao Decreto-lei n\u00ba 15\/2016, de 5 de mar\u00e7o, que estabelece o regime jur\u00eddico da atribui\u00e7\u00e3o do subs\u00eddio de desemprego, no \u00e2mbito do regime de prote\u00e7\u00e3o social dos trabalhadores por conta de outrem, bem como as medidas ativas de repara\u00e7\u00e3o da situa\u00e7\u00e3o de desemprego.<\/value><\/attribute><attribute id=\"268\"><name>Indicador do n\u00edvel do termo de indexa\u00e7\u00e3o<\/name><value> <\/value><\/attribute><attribute id=\"51\"><name>Pa\u00eds<\/name><value>CV<\/value><\/attribute><attribute id=\"52\"><name>Ag\u00eancia<\/name><value>BCV<\/value><\/attribute><\/attributes><attributes language=\"en\"><attribute id=\"3\"><name>Data do invent\u00e1rio<\/name><value>2021-04-13<\/value><\/attribute><attribute id=\"45\"><name>Tipo de registo<\/name><value>a<\/value><\/attribute><attribute id=\"47\"><name>Identificador do registo<\/name><value>13606<\/value><\/attribute><attribute id=\"56\"><name>Identificador de vers\u00e3o<\/name><value>20210413092018.994<\/value><\/attribute><attribute id=\"17\"><name>Data de registo<\/name><value>_-_-_<\/value><\/attribute><attribute id=\"18\"><name>Tipo de data de publica\u00e7\u00e3o<\/name><value> <\/value><\/attribute><attribute id=\"57\"><name>Modificado<\/name><value> <\/value><\/attribute><attribute id=\"21\"><name>L\u00edngua de cataloga\u00e7\u00e3o<\/name><value>por<\/value><\/attribute><attribute id=\"22\"><name>Conjunto de caracteres<\/name><value>01<\/value><\/attribute><attribute id=\"60\"><name>L\u00edngua do texto<\/name><value>Portugu\u00eas<\/value><\/attribute><attribute id=\"31\"><name>T\u00edtulo pr\u00f3prio significativo<\/name><value>1<\/value><\/attribute><attribute id=\"30\"><name>T\u00edtulo pr\u00f3prio<\/name><value>Decreto-lei n.\u00ba 23\/2017<\/value><\/attribute><attribute id=\"33\"><name>Autor<\/name><value>CONSELHO DE MINISTROS<\/value><\/attribute><attribute id=\"87\"><name>Numera\u00e7\u00e3o: indica\u00e7\u00e3o de datas e volumes<\/name><value>30 I<\/value><\/attribute><attribute id=\"280\"><name>Data de publica\u00e7\u00e3o \/distribui\u00e7\u00e3o<\/name><value>29 de Maio de 2017<\/value><\/attribute><attribute id=\"253\"><name>Nota de conte\u00fado<\/name><value>Procede \u00e0 primeira altera\u00e7\u00e3o ao Decreto-lei n\u00ba 15\/2016, de 5 de mar\u00e7o, que estabelece o regime jur\u00eddico da atribui\u00e7\u00e3o do subs\u00eddio de desemprego, no \u00e2mbito do regime de prote\u00e7\u00e3o social dos trabalhadores por conta de outrem, bem como as medidas ativas de repara\u00e7\u00e3o da situa\u00e7\u00e3o de desemprego.<\/value><\/attribute><attribute id=\"268\"><name>Indicador do n\u00edvel do termo de indexa\u00e7\u00e3o<\/name><value> <\/value><\/attribute><attribute id=\"51\"><name>Pa\u00eds<\/name><value>CV<\/value><\/attribute><attribute id=\"52\"><name>Ag\u00eancia<\/name><value>BCV<\/value><\/attribute><\/attributes><\/pub_attributes>","type":"Legisla\u00e7\u00e3o","doc_type":"Material textual","isbd":"Decreto-lei n.\u00ba 23\/2017 \/ CONSELHO DE MINISTROS. , 29 de Maio de 2017. -  - Procede \u00e0 primeira altera\u00e7\u00e3o ao Decreto-lei n\u00ba 15\/2016, de 5 de mar\u00e7o, que estabelece o regime jur\u00eddico da atribui\u00e7\u00e3o do subs\u00eddio de desemprego, no \u00e2mbito do regime de prote\u00e7\u00e3o social dos trabalhadores por conta de outrem, bem como as medidas ativas de repara\u00e7\u00e3o da situa\u00e7\u00e3o de desemprego. ","number_requisitions":"0","created_at":"2021-11-09T13:23:07.000000Z","updated_at":"2021-11-09T13:23:07.000000Z"}}