{"number_pubs_saved":2,"pub":{"id":23528,"base_path":"https:\/\/bcv.indexrerum.com\/content?","ir_context":"https:\/\/bcv.indexrerum.com","original_id":"132907","uuid":"ea054003-d948-45e5-a6ee-18982f0aea63","isbn":"","issn":null,"serial_enumeration":null,"index_therms":null,"pub_date":"_-_-_","pub_year":null,"inventory_date":"2021-04-13","logo":"https:\/\/bcv.indexrerum.com\/site\/bcv.png","created_on":"2021-04-13 01:00:00","updated_on":"2022-01-09 14:19:44","entry_point":"Decreto presidencial n\u00ba 2\/2018","registration_num":null,"quota":null,"summary":"Nomeando, sob proposta do Primeiro-Ministro, para os cargos a seguir indicados, os seguintes cidad\u00e3os: I. OLAVO AVELINO GARCIA CORREIA, Vice-Primeiro Ministro, em acumula\u00e7\u00e3o com o de Ministro das Finan\u00e7as; II. FERNANDO EL\u00cdSIO LEBOUCHER FREIRE DE ANDRADE, Ministro do Estado, em acumula\u00e7\u00e3o com o de Ministro dos Assuntos Parlamentares e da Presid\u00eancia do Conselho de Ministros e Ministro do Desporto; III. JOS\u00c9 DA SILVA GON\u00c7ALVES, Ministro do Turismo e Transportes e Ministro da Economia Mar\u00edtima; IV. ALEXANDRE DIAS MONTEIRO, Ministro da Ind\u00fastria, Com\u00e9rcio e Energia; V. J\u00daLIO C\u00c9SAR HERBERT DUARTE LOPES, Ministro Adjunto do Primeiro-Ministro para a Integra\u00e7\u00e3o Regional; VI. GILBERTO ERNESTO DE BARROS, Secret\u00e1rio de Estado Adjunto das Finan\u00e7as; VII. EDNA MANUELA MIRANDA DE OLIVEIRA, Secret\u00e1ria de Estado Adjunta para a Moderniza\u00e7\u00e3o Administrativa; VIII. PEDRO NUNO ALVES FERNANDES LOPES, Secret\u00e1rio de Estado Adjunto para a Inova\u00e7\u00e3o e Forma\u00e7\u00e3o Profissional; IX. PAULO JORGE LIMA VEIGA, Secret\u00e1rio de Estado Adjunto para a Economia Mar\u00edtima; X. CARLOS MANUEL DO\nCANTO SENA MONTEIRO, Secret\u00e1rio de Estado Adjunto do Ministro de Estado; XI. AMADEU JO\u00c3O DA CRUZ; Secret\u00e1rio de Estado Adjunto da Educa\u00e7\u00e3o.","image_size":"0","image":null,"attributes":"<?xml version=\"1.0\" encoding=\"utf-8\"?><pub_attributes><attributes language=\"pt\"><attribute id=\"3\"><name>Data do invent\u00e1rio<\/name><value>2021-04-13<\/value><\/attribute><attribute id=\"45\"><name>Tipo de registo<\/name><value>a<\/value><\/attribute><attribute id=\"47\"><name>Identificador do registo<\/name><value>13868<\/value><\/attribute><attribute id=\"56\"><name>Identificador de vers\u00e3o<\/name><value>20220109131944.435<\/value><\/attribute><attribute id=\"17\"><name>Data de registo<\/name><value>_-_-_<\/value><\/attribute><attribute id=\"18\"><name>Tipo de data de publica\u00e7\u00e3o<\/name><value> <\/value><\/attribute><attribute id=\"57\"><name>Modificado<\/name><value> <\/value><\/attribute><attribute id=\"21\"><name>L\u00edngua de cataloga\u00e7\u00e3o<\/name><value>por<\/value><\/attribute><attribute id=\"22\"><name>Conjunto de caracteres<\/name><value>01<\/value><\/attribute><attribute id=\"60\"><name>L\u00edngua do texto<\/name><value>Portugu\u00eas<\/value><\/attribute><attribute id=\"31\"><name>T\u00edtulo pr\u00f3prio significativo<\/name><value>1<\/value><\/attribute><attribute id=\"30\"><name>T\u00edtulo pr\u00f3prio<\/name><value>Decreto presidencial n\u00ba 2\/2018<\/value><\/attribute><attribute id=\"33\"><name>Autor<\/name><value>PRESID\u00caNCIA DA REP\u00daBLICA<\/value><\/attribute><attribute id=\"87\"><name>Numera\u00e7\u00e3o: indica\u00e7\u00e3o de datas e volumes<\/name><value>2 I<\/value><\/attribute><attribute id=\"280\"><name>Data de publica\u00e7\u00e3o \/distribui\u00e7\u00e3o<\/name><value>04 de Janeiro de 2018<\/value><\/attribute><attribute id=\"253\"><name>Nota de conte\u00fado<\/name><value>Nomeando, sob proposta do Primeiro-Ministro, para os cargos a seguir indicados, os seguintes cidad\u00e3os: I. OLAVO AVELINO GARCIA CORREIA, Vice-Primeiro Ministro, em acumula\u00e7\u00e3o com o de Ministro das Finan\u00e7as; II. FERNANDO EL\u00cdSIO LEBOUCHER FREIRE DE ANDRADE, Ministro do Estado, em acumula\u00e7\u00e3o com o de Ministro dos Assuntos Parlamentares e da Presid\u00eancia do Conselho de Ministros e Ministro do Desporto; III. JOS\u00c9 DA SILVA GON\u00c7ALVES, Ministro do Turismo e Transportes e Ministro da Economia Mar\u00edtima; IV. ALEXANDRE DIAS MONTEIRO, Ministro da Ind\u00fastria, Com\u00e9rcio e Energia; V. J\u00daLIO C\u00c9SAR HERBERT DUARTE LOPES, Ministro Adjunto do Primeiro-Ministro para a Integra\u00e7\u00e3o Regional; VI. GILBERTO ERNESTO DE BARROS, Secret\u00e1rio de Estado Adjunto das Finan\u00e7as; VII. EDNA MANUELA MIRANDA DE OLIVEIRA, Secret\u00e1ria de Estado Adjunta para a Moderniza\u00e7\u00e3o Administrativa; VIII. PEDRO NUNO ALVES FERNANDES LOPES, Secret\u00e1rio de Estado Adjunto para a Inova\u00e7\u00e3o e Forma\u00e7\u00e3o Profissional; IX. PAULO JORGE LIMA VEIGA, Secret\u00e1rio de Estado Adjunto para a Economia Mar\u00edtima; X. CARLOS MANUEL DO\nCANTO SENA MONTEIRO, Secret\u00e1rio de Estado Adjunto do Ministro de Estado; XI. AMADEU JO\u00c3O DA CRUZ; Secret\u00e1rio de Estado Adjunto da Educa\u00e7\u00e3o.<\/value><\/attribute><attribute id=\"268\"><name>Indicador do n\u00edvel do termo de indexa\u00e7\u00e3o<\/name><value> <\/value><\/attribute><attribute id=\"51\"><name>Pa\u00eds<\/name><value>CV<\/value><\/attribute><attribute id=\"52\"><name>Ag\u00eancia<\/name><value>BCV<\/value><\/attribute><\/attributes><attributes language=\"en\"><attribute id=\"3\"><name>Data do invent\u00e1rio<\/name><value>2021-04-13<\/value><\/attribute><attribute id=\"45\"><name>Tipo de registo<\/name><value>a<\/value><\/attribute><attribute id=\"47\"><name>Identificador do registo<\/name><value>13868<\/value><\/attribute><attribute id=\"56\"><name>Identificador de vers\u00e3o<\/name><value>20220109131944.435<\/value><\/attribute><attribute id=\"17\"><name>Data de registo<\/name><value>_-_-_<\/value><\/attribute><attribute id=\"18\"><name>Tipo de data de publica\u00e7\u00e3o<\/name><value> <\/value><\/attribute><attribute id=\"57\"><name>Modificado<\/name><value> <\/value><\/attribute><attribute id=\"21\"><name>L\u00edngua de cataloga\u00e7\u00e3o<\/name><value>por<\/value><\/attribute><attribute id=\"22\"><name>Conjunto de caracteres<\/name><value>01<\/value><\/attribute><attribute id=\"60\"><name>L\u00edngua do texto<\/name><value>Portugu\u00eas<\/value><\/attribute><attribute id=\"31\"><name>T\u00edtulo pr\u00f3prio significativo<\/name><value>1<\/value><\/attribute><attribute id=\"30\"><name>T\u00edtulo pr\u00f3prio<\/name><value>Decreto presidencial n\u00ba 2\/2018<\/value><\/attribute><attribute id=\"33\"><name>Autor<\/name><value>PRESID\u00caNCIA DA REP\u00daBLICA<\/value><\/attribute><attribute id=\"87\"><name>Numera\u00e7\u00e3o: indica\u00e7\u00e3o de datas e volumes<\/name><value>2 I<\/value><\/attribute><attribute id=\"280\"><name>Data de publica\u00e7\u00e3o \/distribui\u00e7\u00e3o<\/name><value>04 de Janeiro de 2018<\/value><\/attribute><attribute id=\"253\"><name>Nota de conte\u00fado<\/name><value>Nomeando, sob proposta do Primeiro-Ministro, para os cargos a seguir indicados, os seguintes cidad\u00e3os: I. OLAVO AVELINO GARCIA CORREIA, Vice-Primeiro Ministro, em acumula\u00e7\u00e3o com o de Ministro das Finan\u00e7as; II. FERNANDO EL\u00cdSIO LEBOUCHER FREIRE DE ANDRADE, Ministro do Estado, em acumula\u00e7\u00e3o com o de Ministro dos Assuntos Parlamentares e da Presid\u00eancia do Conselho de Ministros e Ministro do Desporto; III. JOS\u00c9 DA SILVA GON\u00c7ALVES, Ministro do Turismo e Transportes e Ministro da Economia Mar\u00edtima; IV. ALEXANDRE DIAS MONTEIRO, Ministro da Ind\u00fastria, Com\u00e9rcio e Energia; V. J\u00daLIO C\u00c9SAR HERBERT DUARTE LOPES, Ministro Adjunto do Primeiro-Ministro para a Integra\u00e7\u00e3o Regional; VI. GILBERTO ERNESTO DE BARROS, Secret\u00e1rio de Estado Adjunto das Finan\u00e7as; VII. EDNA MANUELA MIRANDA DE OLIVEIRA, Secret\u00e1ria de Estado Adjunta para a Moderniza\u00e7\u00e3o Administrativa; VIII. PEDRO NUNO ALVES FERNANDES LOPES, Secret\u00e1rio de Estado Adjunto para a Inova\u00e7\u00e3o e Forma\u00e7\u00e3o Profissional; IX. PAULO JORGE LIMA VEIGA, Secret\u00e1rio de Estado Adjunto para a Economia Mar\u00edtima; X. CARLOS MANUEL DO\nCANTO SENA MONTEIRO, Secret\u00e1rio de Estado Adjunto do Ministro de Estado; XI. AMADEU JO\u00c3O DA CRUZ; Secret\u00e1rio de Estado Adjunto da Educa\u00e7\u00e3o.<\/value><\/attribute><attribute id=\"268\"><name>Indicador do n\u00edvel do termo de indexa\u00e7\u00e3o<\/name><value> <\/value><\/attribute><attribute id=\"51\"><name>Pa\u00eds<\/name><value>CV<\/value><\/attribute><attribute id=\"52\"><name>Ag\u00eancia<\/name><value>BCV<\/value><\/attribute><\/attributes><\/pub_attributes>","type":"Legisla\u00e7\u00e3o","doc_type":"Material textual","isbd":"Decreto presidencial n\u00ba 2\/2018 \/ PRESID\u00caNCIA DA REP\u00daBLICA. , 04 de Janeiro de 2018. -  - Nomeando, sob proposta do Primeiro-Ministro, para os cargos a seguir indicados, os seguintes cidad\u00e3os: I. OLAVO AVELINO GARCIA CORREIA, Vice-Primeiro Ministro, em acumula\u00e7\u00e3o com o de Ministro das Finan\u00e7as; II. FERNANDO EL\u00cdSIO LEBOUCHER FREIRE DE ANDRADE, Ministro do Estado, em acumula\u00e7\u00e3o com o de Ministro dos Assuntos Parlamentares e da Presid\u00eancia do Conselho de Ministros e Ministro do Desporto; III. JOS\u00c9 DA SILVA GON\u00c7ALVES, Ministro do Turismo e Transportes e Ministro da Economia Mar\u00edtima; IV. ALEXANDRE DIAS MONTEIRO, Ministro da Ind\u00fastria, Com\u00e9rcio e Energia; V. J\u00daLIO C\u00c9SAR HERBERT DUARTE LOPES, Ministro Adjunto do Primeiro-Ministro para a Integra\u00e7\u00e3o Regional; VI. GILBERTO ERNESTO DE BARROS, Secret\u00e1rio de Estado Adjunto das Finan\u00e7as; VII. EDNA MANUELA MIRANDA DE OLIVEIRA, Secret\u00e1ria de Estado Adjunta para a Moderniza\u00e7\u00e3o Administrativa; VIII. PEDRO NUNO ALVES FERNANDES LOPES, Secret\u00e1rio de Estado Adjunto para a Inova\u00e7\u00e3o e Forma\u00e7\u00e3o Profissional; IX. PAULO JORGE LIMA VEIGA, Secret\u00e1rio de Estado Adjunto para a Economia Mar\u00edtima; X. CARLOS MANUEL DO - CANTO SENA MONTEIRO, Secret\u00e1rio de Estado Adjunto do Ministro de Estado; XI. AMADEU JO\u00c3O DA CRUZ; Secret\u00e1rio de Estado Adjunto da Educa\u00e7\u00e3o. ","number_requisitions":"0","created_at":"2021-11-09T13:23:21.000000Z","updated_at":"2022-01-31T16:41:00.000000Z"}}